{"id":124,"date":"2021-06-27T17:42:54","date_gmt":"2021-06-27T17:42:54","guid":{"rendered":"https:\/\/umcarinhasorrindo.com.br\/blog\/?p=124"},"modified":"2021-06-27T18:08:38","modified_gmt":"2021-06-27T18:08:38","slug":"aproveite-a-vida","status":"publish","type":"post","link":"https:\/\/umcarinhasorrindo.com.br\/blog\/2021\/06\/aproveite-a-vida\/","title":{"rendered":"Aproveite a vida.. confie e levante os bra\u00e7os :]"},"content":{"rendered":"<p><img loading=\"lazy\" decoding=\"async\" class=\"aligncenter wp-image-125 size-full\" src=\"https:\/\/umcarinhasorrindo.com.br\/blog\/wp-content\/uploads\/2021\/05\/118_Jornada.png\" alt=\"Aproveite a jornada da vida\" width=\"945\" height=\"673\" srcset=\"https:\/\/umcarinhasorrindo.com.br\/blog\/wp-content\/uploads\/2021\/05\/118_Jornada.png 945w, https:\/\/umcarinhasorrindo.com.br\/blog\/wp-content\/uploads\/2021\/05\/118_Jornada-300x214.png 300w, https:\/\/umcarinhasorrindo.com.br\/blog\/wp-content\/uploads\/2021\/05\/118_Jornada-768x547.png 768w\" sizes=\"auto, (max-width: 945px) 100vw, 945px\" \/><\/p>\n<blockquote><p>Confia que vai ficar tudo bem e aproveita\u2026 levanta os bra\u00e7os :] \ud83d\ude4c\ud83c\udffb\ud83d\ude4c\ud83c\udffd\ud83d\ude4c\ud83c\udfff<\/p><\/blockquote>\n<p><!--more--><br \/>\nEsse cart\u00e3o tenta nos lembrar que, apesar do que estamos passando, podemos sempre encontrar uma luz, um olhar que nos ajude a deixar os dias mais leves e proveitosos. Somos chamados a todo momento a olhar as belezas que nos cercam e nos adorar com elas. Para acessar isso, por\u00e9m, muitas vezes precisamos confiar na vida e nos seus planos, sem qualquer garantia, e acreditar que as coisas v\u00e3o ficar bem.<\/p>\n<h5>Tente prestar aten\u00e7\u00e3o e se dar todo o espa\u00e7o que precisar nos momentos desafiadores<\/h5>\n<p><span style=\"color: var(--global-palette4); font-family: var(--global-body-font-family);\">Em momentos desafiadores, \u00e9 realmente muito dif\u00edcil confiar sem garantias, mas podemos nos lembrar e acreditar que as coisas melhorar\u00e3o, e deixar que elas se assentem <\/span><b style=\"color: var(--global-palette4); font-family: var(--global-body-font-family);\">enquanto prestamos aten\u00e7\u00e3o<\/b><span style=\"color: var(--global-palette4); font-family: var(--global-body-font-family);\"> ao nosso redor. Esse espa\u00e7o interno nos momentos turbulentos \u00e9 muito importante para que possamos super\u00e1-los sem tomar medidas muito dr\u00e1sticas e impulsivas, as quais muitas vezes n\u00e3o temos a inten\u00e7\u00e3o real de tomar. Essas rea\u00e7\u00f5es muitas vezes acabam colocando a gente num lugar ainda um pouco mais complicado.<\/span><\/p>\n<p>Mas tudo bem tamb\u00e9m se acabarmos reagindo impulsivamente a esses momentos dif\u00edceis. Faz parte da vida, faz parte da nossa aprendizagem \u2764\ufe0f. Tente apenas prestar aten\u00e7\u00e3o na situa\u00e7\u00e3o, nas suas a\u00e7\u00f5es, e sentir se \u00e9 isso mesmo que voc\u00ea quer fazer, para, se precisar, tomar uma medida diferente da pr\u00f3xima vez \ud83d\ude0a<\/p>\n<h5>A vida realmente tem momentos muito dif\u00edceis e dolorosos.. faz parte e \u00e9 preciso aceitar<\/h5>\n<p>Coisas mais \u201cdif\u00edceis\u201d, como errar e sofrer fazem parte da vida, e \u00e9 <b>muito importante <\/b>aceitar isso. N\u00e3o adianta querermos fugir de sofrimentos e erros.. isso \u00e9 inevit\u00e1vel. <b>O melhor que podemos fazer \u00e9 aceitar esses momentos, aceitar sua dor, e seguir em frente a partir da\u00ed :]. <\/b>Rejeitando esses momentos, s\u00f3 estamos dando mais for\u00e7a pra eles ficarem na nossa cabe\u00e7a. Por\u00e9m, aceitando e escutando eles, eles se sentem reconhecidos e podem partir em paz \ud83e\udd0d\ud83e\udd0d<\/p>\n<h5>D\u00ea o seu melhor :]<\/h5>\n<p>Da pr\u00f3xima vez que estiver vivendo momentos dif\u00edceis, tente se lembrar de se dar espa\u00e7o antes de reagir a eles. \u00c0s \u00a0vezes a dor pode ser muito grande e n\u00e3o temos como fazermos isso no momento, e tudo bem, s\u00f3 de o seu melhor e est\u00e1 bom \u2764\ufe0f\ud83e\udd0e\ud83d\udc9b<\/p>\n<p>Uma lembran\u00e7a que pode ajudar:\u00a0<a href=\"https:\/\/umcarinhasorrindo.com.br\/blog\/2021\/05\/se-permita-receber-amor\/\">Se permita receber amor do jeito que vier<\/a><\/p>\n<p>um \u00f3timo dia\/noite pra voc\u00eas, fiquem bem e obrigado pelo seu tempo! \ud83d\ude18\ud83d\ude18\u23f1<\/p>\n<p>&nbsp;<\/p>\n<p><strong>Que tal dar uma olhada em uns cart\u00f5es pra ter essas mensagens como lembretes? <a href=\"https:\/\/loja.umcarinhasorrindo.com.br\/20-cartoes-ilustrados\">D\u00e1 uma olhada na lojinha \ud83d\ude42<\/a><\/strong><\/p>\n","protected":false},"excerpt":{"rendered":"<p>Confia que vai ficar tudo bem e aproveita\u2026 levanta os bra\u00e7os :] \ud83d\ude4c\ud83c\udffb\ud83d\ude4c\ud83c\udffd\ud83d\ude4c\ud83c\udfff<\/p>\n","protected":false},"author":2,"featured_media":125,"comment_status":"open","ping_status":"open","sticky":false,"template":"","format":"standard","meta":{"_kadence_starter_templates_imported_post":false,"_kad_post_transparent":"default","_kad_post_title":"default","_kad_post_layout":"default","_kad_post_sidebar_id":"","_kad_post_content_style":"default","_kad_post_vertical_padding":"default","_kad_post_feature":"","_kad_post_feature_position":"","_kad_post_header":false,"_kad_post_footer":false,"_kad_post_classname":"","footnotes":""},"categories":[2],"tags":[28,29,13,39,40,42,5,38,41],"class_list":["post-124","post","type-post","status-publish","format-standard","has-post-thumbnail","hentry","category-cartoes","tag-aceitacao","tag-aceitar-o-mundo","tag-atencao","tag-dificuldades","tag-dor","tag-olhar","tag-presente","tag-sofrimento","tag-tudobem"],"yoast_head":"<!-- This site is optimized with the Yoast SEO plugin v28.3 - https:\/\/yoast.com\/product\/yoast-seo-wordpress\/ -->\n<title>Aproveite a vida.. confie e levante os bra\u00e7os :] &#187; um carinha sorrindo \/ blog<\/title>\n<meta name=\"description\" content=\"Aproveite a vida do seu jeito. Lembre-se de prestar aten\u00e7\u00e3o no caminho, na beleza e no amor que te cerca a todo momento :)\" \/>\n<meta name=\"robots\" content=\"index, follow, max-snippet:-1, max-image-preview:large, max-video-preview:-1\" \/>\n<link rel=\"canonical\" href=\"https:\/\/umcarinhasorrindo.com.br\/blog\/2021\/06\/aproveite-a-vida\/\" \/>\n<meta property=\"og:locale\" content=\"pt_BR\" \/>\n<meta property=\"og:type\" content=\"article\" \/>\n<meta property=\"og:title\" content=\"Aproveite a vida.. confie e levante os bra\u00e7os :] &#187; um carinha sorrindo \/ blog\" \/>\n<meta property=\"og:description\" content=\"Aproveite a vida do seu jeito. Lembre-se de prestar aten\u00e7\u00e3o no caminho, na beleza e no amor que te cerca a todo momento :)\" \/>\n<meta property=\"og:url\" content=\"https:\/\/umcarinhasorrindo.com.br\/blog\/2021\/06\/aproveite-a-vida\/\" \/>\n<meta property=\"og:site_name\" content=\"um carinha sorrindo \/ blog\" \/>\n<meta property=\"article:published_time\" content=\"2021-06-27T17:42:54+00:00\" \/>\n<meta property=\"article:modified_time\" content=\"2021-06-27T18:08:38+00:00\" \/>\n<meta property=\"og:image\" content=\"https:\/\/umcarinhasorrindo.com.br\/blog\/wp-content\/uploads\/2021\/05\/118_Jornada.png\" \/>\n\t<meta property=\"og:image:width\" content=\"945\" \/>\n\t<meta property=\"og:image:height\" content=\"673\" \/>\n\t<meta property=\"og:image:type\" content=\"image\/png\" \/>\n<meta name=\"author\" content=\"GUILHERME PIM\" \/>\n<meta name=\"twitter:card\" content=\"summary_large_image\" \/>\n<meta name=\"twitter:label1\" content=\"Escrito por\" \/>\n\t<meta name=\"twitter:data1\" content=\"GUILHERME PIM\" \/>\n\t<meta name=\"twitter:label2\" content=\"Est. tempo de leitura\" \/>\n\t<meta name=\"twitter:data2\" content=\"3 minutos\" \/>\n<script type=\"application\/ld+json\" class=\"yoast-schema-graph\">{\"@context\":\"https:\\\/\\\/schema.org\",\"@graph\":[{\"@type\":\"Article\",\"@id\":\"https:\\\/\\\/umcarinhasorrindo.com.br\\\/blog\\\/2021\\\/06\\\/aproveite-a-vida\\\/#article\",\"isPartOf\":{\"@id\":\"https:\\\/\\\/umcarinhasorrindo.com.br\\\/blog\\\/2021\\\/06\\\/aproveite-a-vida\\\/\"},\"author\":{\"name\":\"GUILHERME PIM\",\"@id\":\"https:\\\/\\\/umcarinhasorrindo.com.br\\\/blog\\\/#\\\/schema\\\/person\\\/595f014e49c3657f2ae31afb083184f7\"},\"headline\":\"Aproveite a vida.. confie e levante os bra\u00e7os :]\",\"datePublished\":\"2021-06-27T17:42:54+00:00\",\"dateModified\":\"2021-06-27T18:08:38+00:00\",\"mainEntityOfPage\":{\"@id\":\"https:\\\/\\\/umcarinhasorrindo.com.br\\\/blog\\\/2021\\\/06\\\/aproveite-a-vida\\\/\"},\"wordCount\":448,\"commentCount\":0,\"publisher\":{\"@id\":\"https:\\\/\\\/umcarinhasorrindo.com.br\\\/blog\\\/#organization\"},\"image\":{\"@id\":\"https:\\\/\\\/umcarinhasorrindo.com.br\\\/blog\\\/2021\\\/06\\\/aproveite-a-vida\\\/#primaryimage\"},\"thumbnailUrl\":\"https:\\\/\\\/umcarinhasorrindo.com.br\\\/blog\\\/wp-content\\\/uploads\\\/2021\\\/05\\\/118_Jornada.png\",\"keywords\":[\"Aceita\u00e7\u00e3o\",\"Aceitar o mundo\",\"Aten\u00e7\u00e3o\",\"dificuldades\",\"dor\",\"Olhar\",\"Presente\",\"sofrimento\",\"Tudobem\"],\"articleSection\":[\"Cart\u00f5es\"],\"inLanguage\":\"pt-BR\",\"potentialAction\":[{\"@type\":\"CommentAction\",\"name\":\"Comment\",\"target\":[\"https:\\\/\\\/umcarinhasorrindo.com.br\\\/blog\\\/2021\\\/06\\\/aproveite-a-vida\\\/#respond\"]}]},{\"@type\":\"WebPage\",\"@id\":\"https:\\\/\\\/umcarinhasorrindo.com.br\\\/blog\\\/2021\\\/06\\\/aproveite-a-vida\\\/\",\"url\":\"https:\\\/\\\/umcarinhasorrindo.com.br\\\/blog\\\/2021\\\/06\\\/aproveite-a-vida\\\/\",\"name\":\"Aproveite a vida.. confie e levante os bra\u00e7os :] &#187; um carinha sorrindo \\\/ blog\",\"isPartOf\":{\"@id\":\"https:\\\/\\\/umcarinhasorrindo.com.br\\\/blog\\\/#website\"},\"primaryImageOfPage\":{\"@id\":\"https:\\\/\\\/umcarinhasorrindo.com.br\\\/blog\\\/2021\\\/06\\\/aproveite-a-vida\\\/#primaryimage\"},\"image\":{\"@id\":\"https:\\\/\\\/umcarinhasorrindo.com.br\\\/blog\\\/2021\\\/06\\\/aproveite-a-vida\\\/#primaryimage\"},\"thumbnailUrl\":\"https:\\\/\\\/umcarinhasorrindo.com.br\\\/blog\\\/wp-content\\\/uploads\\\/2021\\\/05\\\/118_Jornada.png\",\"datePublished\":\"2021-06-27T17:42:54+00:00\",\"dateModified\":\"2021-06-27T18:08:38+00:00\",\"description\":\"Aproveite a vida do seu jeito. Lembre-se de prestar aten\u00e7\u00e3o no caminho, na beleza e no amor que te cerca a todo momento :)\",\"breadcrumb\":{\"@id\":\"https:\\\/\\\/umcarinhasorrindo.com.br\\\/blog\\\/2021\\\/06\\\/aproveite-a-vida\\\/#breadcrumb\"},\"inLanguage\":\"pt-BR\",\"potentialAction\":[{\"@type\":\"ReadAction\",\"target\":[\"https:\\\/\\\/umcarinhasorrindo.com.br\\\/blog\\\/2021\\\/06\\\/aproveite-a-vida\\\/\"]}]},{\"@type\":\"ImageObject\",\"inLanguage\":\"pt-BR\",\"@id\":\"https:\\\/\\\/umcarinhasorrindo.com.br\\\/blog\\\/2021\\\/06\\\/aproveite-a-vida\\\/#primaryimage\",\"url\":\"https:\\\/\\\/umcarinhasorrindo.com.br\\\/blog\\\/wp-content\\\/uploads\\\/2021\\\/05\\\/118_Jornada.png\",\"contentUrl\":\"https:\\\/\\\/umcarinhasorrindo.com.br\\\/blog\\\/wp-content\\\/uploads\\\/2021\\\/05\\\/118_Jornada.png\",\"width\":945,\"height\":673,\"caption\":\"Aproveite a jornada da vida\"},{\"@type\":\"BreadcrumbList\",\"@id\":\"https:\\\/\\\/umcarinhasorrindo.com.br\\\/blog\\\/2021\\\/06\\\/aproveite-a-vida\\\/#breadcrumb\",\"itemListElement\":[{\"@type\":\"ListItem\",\"position\":1,\"name\":\"In\u00edcio\",\"item\":\"https:\\\/\\\/umcarinhasorrindo.com.br\\\/blog\\\/\"},{\"@type\":\"ListItem\",\"position\":2,\"name\":\"Aproveite a vida.. confie e levante os bra\u00e7os :]\"}]},{\"@type\":\"WebSite\",\"@id\":\"https:\\\/\\\/umcarinhasorrindo.com.br\\\/blog\\\/#website\",\"url\":\"https:\\\/\\\/umcarinhasorrindo.com.br\\\/blog\\\/\",\"name\":\"um carinha sorrindo \\\/ blog\",\"description\":\"\",\"publisher\":{\"@id\":\"https:\\\/\\\/umcarinhasorrindo.com.br\\\/blog\\\/#organization\"},\"potentialAction\":[{\"@type\":\"SearchAction\",\"target\":{\"@type\":\"EntryPoint\",\"urlTemplate\":\"https:\\\/\\\/umcarinhasorrindo.com.br\\\/blog\\\/?s={search_term_string}\"},\"query-input\":{\"@type\":\"PropertyValueSpecification\",\"valueRequired\":true,\"valueName\":\"search_term_string\"}}],\"inLanguage\":\"pt-BR\"},{\"@type\":\"Organization\",\"@id\":\"https:\\\/\\\/umcarinhasorrindo.com.br\\\/blog\\\/#organization\",\"name\":\"um.carinha.sorrindo\",\"url\":\"https:\\\/\\\/umcarinhasorrindo.com.br\\\/blog\\\/\",\"logo\":{\"@type\":\"ImageObject\",\"inLanguage\":\"pt-BR\",\"@id\":\"https:\\\/\\\/umcarinhasorrindo.com.br\\\/blog\\\/#\\\/schema\\\/logo\\\/image\\\/\",\"url\":\"https:\\\/\\\/umcarinhasorrindo.com.br\\\/blog\\\/wp-content\\\/uploads\\\/2021\\\/03\\\/D23DF2B2-77BD-446E-97A0-6F9FC05CEC31.png\",\"contentUrl\":\"https:\\\/\\\/umcarinhasorrindo.com.br\\\/blog\\\/wp-content\\\/uploads\\\/2021\\\/03\\\/D23DF2B2-77BD-446E-97A0-6F9FC05CEC31.png\",\"width\":626,\"height\":144,\"caption\":\"um.carinha.sorrindo\"},\"image\":{\"@id\":\"https:\\\/\\\/umcarinhasorrindo.com.br\\\/blog\\\/#\\\/schema\\\/logo\\\/image\\\/\"},\"sameAs\":[\"https:\\\/\\\/www.instagram.com\\\/um.carinha.sorrindo\\\/\"]},{\"@type\":\"Person\",\"@id\":\"https:\\\/\\\/umcarinhasorrindo.com.br\\\/blog\\\/#\\\/schema\\\/person\\\/595f014e49c3657f2ae31afb083184f7\",\"name\":\"GUILHERME PIM\",\"image\":{\"@type\":\"ImageObject\",\"inLanguage\":\"pt-BR\",\"@id\":\"https:\\\/\\\/secure.gravatar.com\\\/avatar\\\/862e2572145ef661a1716cd484ad881d24829519265f1e34f473d8c91ddccb78?s=96&d=mm&r=g\",\"url\":\"https:\\\/\\\/secure.gravatar.com\\\/avatar\\\/862e2572145ef661a1716cd484ad881d24829519265f1e34f473d8c91ddccb78?s=96&d=mm&r=g\",\"contentUrl\":\"https:\\\/\\\/secure.gravatar.com\\\/avatar\\\/862e2572145ef661a1716cd484ad881d24829519265f1e34f473d8c91ddccb78?s=96&d=mm&r=g\",\"caption\":\"GUILHERME PIM\"}}]}<\/script>\n<!-- \/ Yoast SEO plugin. -->","yoast_head_json":{"title":"Aproveite a vida.. confie e levante os bra\u00e7os :] &#187; um carinha sorrindo \/ blog","description":"Aproveite a vida do seu jeito. Lembre-se de prestar aten\u00e7\u00e3o no caminho, na beleza e no amor que te cerca a todo momento :)","robots":{"index":"index","follow":"follow","max-snippet":"max-snippet:-1","max-image-preview":"max-image-preview:large","max-video-preview":"max-video-preview:-1"},"canonical":"https:\/\/umcarinhasorrindo.com.br\/blog\/2021\/06\/aproveite-a-vida\/","og_locale":"pt_BR","og_type":"article","og_title":"Aproveite a vida.. confie e levante os bra\u00e7os :] &#187; um carinha sorrindo \/ blog","og_description":"Aproveite a vida do seu jeito. Lembre-se de prestar aten\u00e7\u00e3o no caminho, na beleza e no amor que te cerca a todo momento :)","og_url":"https:\/\/umcarinhasorrindo.com.br\/blog\/2021\/06\/aproveite-a-vida\/","og_site_name":"um carinha sorrindo \/ blog","article_published_time":"2021-06-27T17:42:54+00:00","article_modified_time":"2021-06-27T18:08:38+00:00","og_image":[{"width":945,"height":673,"url":"https:\/\/umcarinhasorrindo.com.br\/blog\/wp-content\/uploads\/2021\/05\/118_Jornada.png","type":"image\/png"}],"author":"GUILHERME PIM","twitter_card":"summary_large_image","twitter_misc":{"Escrito por":"GUILHERME PIM","Est. tempo de leitura":"3 minutos"},"schema":{"@context":"https:\/\/schema.org","@graph":[{"@type":"Article","@id":"https:\/\/umcarinhasorrindo.com.br\/blog\/2021\/06\/aproveite-a-vida\/#article","isPartOf":{"@id":"https:\/\/umcarinhasorrindo.com.br\/blog\/2021\/06\/aproveite-a-vida\/"},"author":{"name":"GUILHERME PIM","@id":"https:\/\/umcarinhasorrindo.com.br\/blog\/#\/schema\/person\/595f014e49c3657f2ae31afb083184f7"},"headline":"Aproveite a vida.. confie e levante os bra\u00e7os :]","datePublished":"2021-06-27T17:42:54+00:00","dateModified":"2021-06-27T18:08:38+00:00","mainEntityOfPage":{"@id":"https:\/\/umcarinhasorrindo.com.br\/blog\/2021\/06\/aproveite-a-vida\/"},"wordCount":448,"commentCount":0,"publisher":{"@id":"https:\/\/umcarinhasorrindo.com.br\/blog\/#organization"},"image":{"@id":"https:\/\/umcarinhasorrindo.com.br\/blog\/2021\/06\/aproveite-a-vida\/#primaryimage"},"thumbnailUrl":"https:\/\/umcarinhasorrindo.com.br\/blog\/wp-content\/uploads\/2021\/05\/118_Jornada.png","keywords":["Aceita\u00e7\u00e3o","Aceitar o mundo","Aten\u00e7\u00e3o","dificuldades","dor","Olhar","Presente","sofrimento","Tudobem"],"articleSection":["Cart\u00f5es"],"inLanguage":"pt-BR","potentialAction":[{"@type":"CommentAction","name":"Comment","target":["https:\/\/umcarinhasorrindo.com.br\/blog\/2021\/06\/aproveite-a-vida\/#respond"]}]},{"@type":"WebPage","@id":"https:\/\/umcarinhasorrindo.com.br\/blog\/2021\/06\/aproveite-a-vida\/","url":"https:\/\/umcarinhasorrindo.com.br\/blog\/2021\/06\/aproveite-a-vida\/","name":"Aproveite a vida.. confie e levante os bra\u00e7os :] &#187; um carinha sorrindo \/ blog","isPartOf":{"@id":"https:\/\/umcarinhasorrindo.com.br\/blog\/#website"},"primaryImageOfPage":{"@id":"https:\/\/umcarinhasorrindo.com.br\/blog\/2021\/06\/aproveite-a-vida\/#primaryimage"},"image":{"@id":"https:\/\/umcarinhasorrindo.com.br\/blog\/2021\/06\/aproveite-a-vida\/#primaryimage"},"thumbnailUrl":"https:\/\/umcarinhasorrindo.com.br\/blog\/wp-content\/uploads\/2021\/05\/118_Jornada.png","datePublished":"2021-06-27T17:42:54+00:00","dateModified":"2021-06-27T18:08:38+00:00","description":"Aproveite a vida do seu jeito. Lembre-se de prestar aten\u00e7\u00e3o no caminho, na beleza e no amor que te cerca a todo momento :)","breadcrumb":{"@id":"https:\/\/umcarinhasorrindo.com.br\/blog\/2021\/06\/aproveite-a-vida\/#breadcrumb"},"inLanguage":"pt-BR","potentialAction":[{"@type":"ReadAction","target":["https:\/\/umcarinhasorrindo.com.br\/blog\/2021\/06\/aproveite-a-vida\/"]}]},{"@type":"ImageObject","inLanguage":"pt-BR","@id":"https:\/\/umcarinhasorrindo.com.br\/blog\/2021\/06\/aproveite-a-vida\/#primaryimage","url":"https:\/\/umcarinhasorrindo.com.br\/blog\/wp-content\/uploads\/2021\/05\/118_Jornada.png","contentUrl":"https:\/\/umcarinhasorrindo.com.br\/blog\/wp-content\/uploads\/2021\/05\/118_Jornada.png","width":945,"height":673,"caption":"Aproveite a jornada da vida"},{"@type":"BreadcrumbList","@id":"https:\/\/umcarinhasorrindo.com.br\/blog\/2021\/06\/aproveite-a-vida\/#breadcrumb","itemListElement":[{"@type":"ListItem","position":1,"name":"In\u00edcio","item":"https:\/\/umcarinhasorrindo.com.br\/blog\/"},{"@type":"ListItem","position":2,"name":"Aproveite a vida.. confie e levante os bra\u00e7os :]"}]},{"@type":"WebSite","@id":"https:\/\/umcarinhasorrindo.com.br\/blog\/#website","url":"https:\/\/umcarinhasorrindo.com.br\/blog\/","name":"um carinha sorrindo \/ blog","description":"","publisher":{"@id":"https:\/\/umcarinhasorrindo.com.br\/blog\/#organization"},"potentialAction":[{"@type":"SearchAction","target":{"@type":"EntryPoint","urlTemplate":"https:\/\/umcarinhasorrindo.com.br\/blog\/?s={search_term_string}"},"query-input":{"@type":"PropertyValueSpecification","valueRequired":true,"valueName":"search_term_string"}}],"inLanguage":"pt-BR"},{"@type":"Organization","@id":"https:\/\/umcarinhasorrindo.com.br\/blog\/#organization","name":"um.carinha.sorrindo","url":"https:\/\/umcarinhasorrindo.com.br\/blog\/","logo":{"@type":"ImageObject","inLanguage":"pt-BR","@id":"https:\/\/umcarinhasorrindo.com.br\/blog\/#\/schema\/logo\/image\/","url":"https:\/\/umcarinhasorrindo.com.br\/blog\/wp-content\/uploads\/2021\/03\/D23DF2B2-77BD-446E-97A0-6F9FC05CEC31.png","contentUrl":"https:\/\/umcarinhasorrindo.com.br\/blog\/wp-content\/uploads\/2021\/03\/D23DF2B2-77BD-446E-97A0-6F9FC05CEC31.png","width":626,"height":144,"caption":"um.carinha.sorrindo"},"image":{"@id":"https:\/\/umcarinhasorrindo.com.br\/blog\/#\/schema\/logo\/image\/"},"sameAs":["https:\/\/www.instagram.com\/um.carinha.sorrindo\/"]},{"@type":"Person","@id":"https:\/\/umcarinhasorrindo.com.br\/blog\/#\/schema\/person\/595f014e49c3657f2ae31afb083184f7","name":"GUILHERME PIM","image":{"@type":"ImageObject","inLanguage":"pt-BR","@id":"https:\/\/secure.gravatar.com\/avatar\/862e2572145ef661a1716cd484ad881d24829519265f1e34f473d8c91ddccb78?s=96&d=mm&r=g","url":"https:\/\/secure.gravatar.com\/avatar\/862e2572145ef661a1716cd484ad881d24829519265f1e34f473d8c91ddccb78?s=96&d=mm&r=g","contentUrl":"https:\/\/secure.gravatar.com\/avatar\/862e2572145ef661a1716cd484ad881d24829519265f1e34f473d8c91ddccb78?s=96&d=mm&r=g","caption":"GUILHERME PIM"}}]}},"_links":{"self":[{"href":"https:\/\/umcarinhasorrindo.com.br\/blog\/wp-json\/wp\/v2\/posts\/124","targetHints":{"allow":["GET"]}}],"collection":[{"href":"https:\/\/umcarinhasorrindo.com.br\/blog\/wp-json\/wp\/v2\/posts"}],"about":[{"href":"https:\/\/umcarinhasorrindo.com.br\/blog\/wp-json\/wp\/v2\/types\/post"}],"author":[{"embeddable":true,"href":"https:\/\/umcarinhasorrindo.com.br\/blog\/wp-json\/wp\/v2\/users\/2"}],"replies":[{"embeddable":true,"href":"https:\/\/umcarinhasorrindo.com.br\/blog\/wp-json\/wp\/v2\/comments?post=124"}],"version-history":[{"count":7,"href":"https:\/\/umcarinhasorrindo.com.br\/blog\/wp-json\/wp\/v2\/posts\/124\/revisions"}],"predecessor-version":[{"id":137,"href":"https:\/\/umcarinhasorrindo.com.br\/blog\/wp-json\/wp\/v2\/posts\/124\/revisions\/137"}],"wp:featuredmedia":[{"embeddable":true,"href":"https:\/\/umcarinhasorrindo.com.br\/blog\/wp-json\/wp\/v2\/media\/125"}],"wp:attachment":[{"href":"https:\/\/umcarinhasorrindo.com.br\/blog\/wp-json\/wp\/v2\/media?parent=124"}],"wp:term":[{"taxonomy":"category","embeddable":true,"href":"https:\/\/umcarinhasorrindo.com.br\/blog\/wp-json\/wp\/v2\/categories?post=124"},{"taxonomy":"post_tag","embeddable":true,"href":"https:\/\/umcarinhasorrindo.com.br\/blog\/wp-json\/wp\/v2\/tags?post=124"}],"curies":[{"name":"wp","href":"https:\/\/api.w.org\/{rel}","templated":true}]}}