{"id":148,"date":"2022-02-18T23:56:55","date_gmt":"2022-02-18T23:56:55","guid":{"rendered":"https:\/\/umcarinhasorrindo.com.br\/blog\/?p=148"},"modified":"2022-02-18T23:58:04","modified_gmt":"2022-02-18T23:58:04","slug":"de-cabeca-pra-baixo","status":"publish","type":"post","link":"https:\/\/umcarinhasorrindo.com.br\/blog\/2022\/02\/de-cabeca-pra-baixo\/","title":{"rendered":"De cabe\u00e7a pra baixo\u2026 Temporariamente :)"},"content":{"rendered":"<p><img loading=\"lazy\" decoding=\"async\" class=\"size-full wp-image-150 aligncenter\" src=\"https:\/\/umcarinhasorrindo.com.br\/blog\/wp-content\/uploads\/2022\/02\/186_De_Cabeca_Pra_Baixo.png\" alt=\"\" width=\"945\" height=\"673\" srcset=\"https:\/\/umcarinhasorrindo.com.br\/blog\/wp-content\/uploads\/2022\/02\/186_De_Cabeca_Pra_Baixo.png 945w, https:\/\/umcarinhasorrindo.com.br\/blog\/wp-content\/uploads\/2022\/02\/186_De_Cabeca_Pra_Baixo-300x214.png 300w, https:\/\/umcarinhasorrindo.com.br\/blog\/wp-content\/uploads\/2022\/02\/186_De_Cabeca_Pra_Baixo-768x547.png 768w\" sizes=\"auto, (max-width: 945px) 100vw, 945px\" \/><\/p>\n<blockquote><p>Quando as coisas parecerem fora do lugar, segure firme, se abrigue na sua fortaleza interior \ud83e\udd0d e d\u00ea tempo ao tempo :] \u231b\ufe0f\ud83d\udd70<\/p><\/blockquote>\n<p><!--more--><\/p>\n<p>Boa noite jovens seres humanos \ud83d\ude04<\/p>\n<p>Esse cart\u00e3o aparece para lembrar que quando as coisas est\u00e3o bastante dif\u00edceis e turbulentas, e n\u00e3o fazem sentido, que essa situa\u00e7\u00e3o faz parte da vida. A vida \u00e9 repleta de momentos onde n\u00e3o temos nenhum controle ou explica\u00e7\u00e3o. O melhor que podemos fazer \u00e9 <b>aceitar isso e aprender a passar por eles de um jeito que n\u00e3o mexa tanto conosco<\/b>. Muitos deles talvez nunca deixem de ser dif\u00edceis, mas pelo menos ser\u00e1 um dif\u00edcil que passamos a encarar com coragem e presen\u00e7a \u2764\ufe0f. Ache conforto na sua for\u00e7a que vem l\u00e1 de dentro, voc\u00ea n\u00e3o precisa de mais que isso \ud83e\udd0d<\/p>\n<p>At\u00e9 mais \ud83d\ude18\ud83d\ude18<\/p>\n<p>&nbsp;<\/p>\n","protected":false},"excerpt":{"rendered":"<p>Quando as coisas parecerem fora do lugar, segure firme, se abrigue na sua fortaleza interior \ud83e\udd0d e d\u00ea tempo ao tempo :] \u231b\ufe0f\ud83d\udd70<\/p>\n","protected":false},"author":2,"featured_media":150,"comment_status":"open","ping_status":"open","sticky":false,"template":"","format":"standard","meta":{"_kadence_starter_templates_imported_post":false,"_kad_post_transparent":"default","_kad_post_title":"default","_kad_post_layout":"default","_kad_post_sidebar_id":"","_kad_post_content_style":"default","_kad_post_vertical_padding":"default","_kad_post_feature":"","_kad_post_feature_position":"","_kad_post_header":false,"_kad_post_footer":false,"_kad_post_classname":"","footnotes":""},"categories":[2,3],"tags":[],"class_list":["post-148","post","type-post","status-publish","format-standard","has-post-thumbnail","hentry","category-cartoes","category-mensagens"],"yoast_head":"<!-- This site is optimized with the Yoast SEO plugin v28.3 - https:\/\/yoast.com\/product\/yoast-seo-wordpress\/ -->\n<title>De cabe\u00e7a pra baixo\u2026 Temporariamente :) &#187; um carinha sorrindo \/ blog<\/title>\n<meta name=\"description\" content=\"Se o mundo est\u00e1 de cabe\u00e7a para baixo, segure firme e vai sentindo \u2764\ufe0f. Com algum tempo ele vai voltar ao normal :)\" \/>\n<meta name=\"robots\" content=\"index, follow, max-snippet:-1, max-image-preview:large, max-video-preview:-1\" \/>\n<link rel=\"canonical\" href=\"https:\/\/umcarinhasorrindo.com.br\/blog\/2022\/02\/de-cabeca-pra-baixo\/\" \/>\n<meta property=\"og:locale\" content=\"pt_BR\" \/>\n<meta property=\"og:type\" content=\"article\" \/>\n<meta property=\"og:title\" content=\"De cabe\u00e7a pra baixo\u2026 Temporariamente :) &#187; um carinha sorrindo \/ blog\" \/>\n<meta property=\"og:description\" content=\"Se o mundo est\u00e1 de cabe\u00e7a para baixo, segure firme e vai sentindo \u2764\ufe0f. Com algum tempo ele vai voltar ao normal :)\" \/>\n<meta property=\"og:url\" content=\"https:\/\/umcarinhasorrindo.com.br\/blog\/2022\/02\/de-cabeca-pra-baixo\/\" \/>\n<meta property=\"og:site_name\" content=\"um carinha sorrindo \/ blog\" \/>\n<meta property=\"article:published_time\" content=\"2022-02-18T23:56:55+00:00\" \/>\n<meta property=\"article:modified_time\" content=\"2022-02-18T23:58:04+00:00\" \/>\n<meta property=\"og:image\" content=\"https:\/\/umcarinhasorrindo.com.br\/blog\/wp-content\/uploads\/2022\/02\/186_De_Cabeca_Pra_Baixo.png\" \/>\n\t<meta property=\"og:image:width\" content=\"945\" \/>\n\t<meta property=\"og:image:height\" content=\"673\" \/>\n\t<meta property=\"og:image:type\" content=\"image\/png\" \/>\n<meta name=\"author\" content=\"GUILHERME PIM\" \/>\n<meta name=\"twitter:card\" content=\"summary_large_image\" \/>\n<meta name=\"twitter:label1\" content=\"Escrito por\" \/>\n\t<meta name=\"twitter:data1\" content=\"GUILHERME PIM\" \/>\n\t<meta name=\"twitter:label2\" content=\"Est. tempo de leitura\" \/>\n\t<meta name=\"twitter:data2\" content=\"1 minuto\" \/>\n<script type=\"application\/ld+json\" class=\"yoast-schema-graph\">{\"@context\":\"https:\\\/\\\/schema.org\",\"@graph\":[{\"@type\":\"Article\",\"@id\":\"https:\\\/\\\/umcarinhasorrindo.com.br\\\/blog\\\/2022\\\/02\\\/de-cabeca-pra-baixo\\\/#article\",\"isPartOf\":{\"@id\":\"https:\\\/\\\/umcarinhasorrindo.com.br\\\/blog\\\/2022\\\/02\\\/de-cabeca-pra-baixo\\\/\"},\"author\":{\"name\":\"GUILHERME PIM\",\"@id\":\"https:\\\/\\\/umcarinhasorrindo.com.br\\\/blog\\\/#\\\/schema\\\/person\\\/595f014e49c3657f2ae31afb083184f7\"},\"headline\":\"De cabe\u00e7a pra baixo\u2026 Temporariamente :)\",\"datePublished\":\"2022-02-18T23:56:55+00:00\",\"dateModified\":\"2022-02-18T23:58:04+00:00\",\"mainEntityOfPage\":{\"@id\":\"https:\\\/\\\/umcarinhasorrindo.com.br\\\/blog\\\/2022\\\/02\\\/de-cabeca-pra-baixo\\\/\"},\"wordCount\":144,\"commentCount\":0,\"publisher\":{\"@id\":\"https:\\\/\\\/umcarinhasorrindo.com.br\\\/blog\\\/#organization\"},\"image\":{\"@id\":\"https:\\\/\\\/umcarinhasorrindo.com.br\\\/blog\\\/2022\\\/02\\\/de-cabeca-pra-baixo\\\/#primaryimage\"},\"thumbnailUrl\":\"https:\\\/\\\/umcarinhasorrindo.com.br\\\/blog\\\/wp-content\\\/uploads\\\/2022\\\/02\\\/186_De_Cabeca_Pra_Baixo.png\",\"articleSection\":[\"Cart\u00f5es\",\"Mensagens\"],\"inLanguage\":\"pt-BR\",\"potentialAction\":[{\"@type\":\"CommentAction\",\"name\":\"Comment\",\"target\":[\"https:\\\/\\\/umcarinhasorrindo.com.br\\\/blog\\\/2022\\\/02\\\/de-cabeca-pra-baixo\\\/#respond\"]}]},{\"@type\":\"WebPage\",\"@id\":\"https:\\\/\\\/umcarinhasorrindo.com.br\\\/blog\\\/2022\\\/02\\\/de-cabeca-pra-baixo\\\/\",\"url\":\"https:\\\/\\\/umcarinhasorrindo.com.br\\\/blog\\\/2022\\\/02\\\/de-cabeca-pra-baixo\\\/\",\"name\":\"De cabe\u00e7a pra baixo\u2026 Temporariamente :) &#187; um carinha sorrindo \\\/ blog\",\"isPartOf\":{\"@id\":\"https:\\\/\\\/umcarinhasorrindo.com.br\\\/blog\\\/#website\"},\"primaryImageOfPage\":{\"@id\":\"https:\\\/\\\/umcarinhasorrindo.com.br\\\/blog\\\/2022\\\/02\\\/de-cabeca-pra-baixo\\\/#primaryimage\"},\"image\":{\"@id\":\"https:\\\/\\\/umcarinhasorrindo.com.br\\\/blog\\\/2022\\\/02\\\/de-cabeca-pra-baixo\\\/#primaryimage\"},\"thumbnailUrl\":\"https:\\\/\\\/umcarinhasorrindo.com.br\\\/blog\\\/wp-content\\\/uploads\\\/2022\\\/02\\\/186_De_Cabeca_Pra_Baixo.png\",\"datePublished\":\"2022-02-18T23:56:55+00:00\",\"dateModified\":\"2022-02-18T23:58:04+00:00\",\"description\":\"Se o mundo est\u00e1 de cabe\u00e7a para baixo, segure firme e vai sentindo \u2764\ufe0f. Com algum tempo ele vai voltar ao normal :)\",\"breadcrumb\":{\"@id\":\"https:\\\/\\\/umcarinhasorrindo.com.br\\\/blog\\\/2022\\\/02\\\/de-cabeca-pra-baixo\\\/#breadcrumb\"},\"inLanguage\":\"pt-BR\",\"potentialAction\":[{\"@type\":\"ReadAction\",\"target\":[\"https:\\\/\\\/umcarinhasorrindo.com.br\\\/blog\\\/2022\\\/02\\\/de-cabeca-pra-baixo\\\/\"]}]},{\"@type\":\"ImageObject\",\"inLanguage\":\"pt-BR\",\"@id\":\"https:\\\/\\\/umcarinhasorrindo.com.br\\\/blog\\\/2022\\\/02\\\/de-cabeca-pra-baixo\\\/#primaryimage\",\"url\":\"https:\\\/\\\/umcarinhasorrindo.com.br\\\/blog\\\/wp-content\\\/uploads\\\/2022\\\/02\\\/186_De_Cabeca_Pra_Baixo.png\",\"contentUrl\":\"https:\\\/\\\/umcarinhasorrindo.com.br\\\/blog\\\/wp-content\\\/uploads\\\/2022\\\/02\\\/186_De_Cabeca_Pra_Baixo.png\",\"width\":945,\"height\":673},{\"@type\":\"BreadcrumbList\",\"@id\":\"https:\\\/\\\/umcarinhasorrindo.com.br\\\/blog\\\/2022\\\/02\\\/de-cabeca-pra-baixo\\\/#breadcrumb\",\"itemListElement\":[{\"@type\":\"ListItem\",\"position\":1,\"name\":\"In\u00edcio\",\"item\":\"https:\\\/\\\/umcarinhasorrindo.com.br\\\/blog\\\/\"},{\"@type\":\"ListItem\",\"position\":2,\"name\":\"De cabe\u00e7a pra baixo\u2026 Temporariamente :)\"}]},{\"@type\":\"WebSite\",\"@id\":\"https:\\\/\\\/umcarinhasorrindo.com.br\\\/blog\\\/#website\",\"url\":\"https:\\\/\\\/umcarinhasorrindo.com.br\\\/blog\\\/\",\"name\":\"um carinha sorrindo \\\/ blog\",\"description\":\"\",\"publisher\":{\"@id\":\"https:\\\/\\\/umcarinhasorrindo.com.br\\\/blog\\\/#organization\"},\"potentialAction\":[{\"@type\":\"SearchAction\",\"target\":{\"@type\":\"EntryPoint\",\"urlTemplate\":\"https:\\\/\\\/umcarinhasorrindo.com.br\\\/blog\\\/?s={search_term_string}\"},\"query-input\":{\"@type\":\"PropertyValueSpecification\",\"valueRequired\":true,\"valueName\":\"search_term_string\"}}],\"inLanguage\":\"pt-BR\"},{\"@type\":\"Organization\",\"@id\":\"https:\\\/\\\/umcarinhasorrindo.com.br\\\/blog\\\/#organization\",\"name\":\"um.carinha.sorrindo\",\"url\":\"https:\\\/\\\/umcarinhasorrindo.com.br\\\/blog\\\/\",\"logo\":{\"@type\":\"ImageObject\",\"inLanguage\":\"pt-BR\",\"@id\":\"https:\\\/\\\/umcarinhasorrindo.com.br\\\/blog\\\/#\\\/schema\\\/logo\\\/image\\\/\",\"url\":\"https:\\\/\\\/umcarinhasorrindo.com.br\\\/blog\\\/wp-content\\\/uploads\\\/2021\\\/03\\\/D23DF2B2-77BD-446E-97A0-6F9FC05CEC31.png\",\"contentUrl\":\"https:\\\/\\\/umcarinhasorrindo.com.br\\\/blog\\\/wp-content\\\/uploads\\\/2021\\\/03\\\/D23DF2B2-77BD-446E-97A0-6F9FC05CEC31.png\",\"width\":626,\"height\":144,\"caption\":\"um.carinha.sorrindo\"},\"image\":{\"@id\":\"https:\\\/\\\/umcarinhasorrindo.com.br\\\/blog\\\/#\\\/schema\\\/logo\\\/image\\\/\"},\"sameAs\":[\"https:\\\/\\\/www.instagram.com\\\/um.carinha.sorrindo\\\/\"]},{\"@type\":\"Person\",\"@id\":\"https:\\\/\\\/umcarinhasorrindo.com.br\\\/blog\\\/#\\\/schema\\\/person\\\/595f014e49c3657f2ae31afb083184f7\",\"name\":\"GUILHERME PIM\",\"image\":{\"@type\":\"ImageObject\",\"inLanguage\":\"pt-BR\",\"@id\":\"https:\\\/\\\/secure.gravatar.com\\\/avatar\\\/862e2572145ef661a1716cd484ad881d24829519265f1e34f473d8c91ddccb78?s=96&d=mm&r=g\",\"url\":\"https:\\\/\\\/secure.gravatar.com\\\/avatar\\\/862e2572145ef661a1716cd484ad881d24829519265f1e34f473d8c91ddccb78?s=96&d=mm&r=g\",\"contentUrl\":\"https:\\\/\\\/secure.gravatar.com\\\/avatar\\\/862e2572145ef661a1716cd484ad881d24829519265f1e34f473d8c91ddccb78?s=96&d=mm&r=g\",\"caption\":\"GUILHERME PIM\"}}]}<\/script>\n<!-- \/ Yoast SEO plugin. -->","yoast_head_json":{"title":"De cabe\u00e7a pra baixo\u2026 Temporariamente :) &#187; um carinha sorrindo \/ blog","description":"Se o mundo est\u00e1 de cabe\u00e7a para baixo, segure firme e vai sentindo \u2764\ufe0f. Com algum tempo ele vai voltar ao normal :)","robots":{"index":"index","follow":"follow","max-snippet":"max-snippet:-1","max-image-preview":"max-image-preview:large","max-video-preview":"max-video-preview:-1"},"canonical":"https:\/\/umcarinhasorrindo.com.br\/blog\/2022\/02\/de-cabeca-pra-baixo\/","og_locale":"pt_BR","og_type":"article","og_title":"De cabe\u00e7a pra baixo\u2026 Temporariamente :) &#187; um carinha sorrindo \/ blog","og_description":"Se o mundo est\u00e1 de cabe\u00e7a para baixo, segure firme e vai sentindo \u2764\ufe0f. Com algum tempo ele vai voltar ao normal :)","og_url":"https:\/\/umcarinhasorrindo.com.br\/blog\/2022\/02\/de-cabeca-pra-baixo\/","og_site_name":"um carinha sorrindo \/ blog","article_published_time":"2022-02-18T23:56:55+00:00","article_modified_time":"2022-02-18T23:58:04+00:00","og_image":[{"width":945,"height":673,"url":"https:\/\/umcarinhasorrindo.com.br\/blog\/wp-content\/uploads\/2022\/02\/186_De_Cabeca_Pra_Baixo.png","type":"image\/png"}],"author":"GUILHERME PIM","twitter_card":"summary_large_image","twitter_misc":{"Escrito por":"GUILHERME PIM","Est. tempo de leitura":"1 minuto"},"schema":{"@context":"https:\/\/schema.org","@graph":[{"@type":"Article","@id":"https:\/\/umcarinhasorrindo.com.br\/blog\/2022\/02\/de-cabeca-pra-baixo\/#article","isPartOf":{"@id":"https:\/\/umcarinhasorrindo.com.br\/blog\/2022\/02\/de-cabeca-pra-baixo\/"},"author":{"name":"GUILHERME PIM","@id":"https:\/\/umcarinhasorrindo.com.br\/blog\/#\/schema\/person\/595f014e49c3657f2ae31afb083184f7"},"headline":"De cabe\u00e7a pra baixo\u2026 Temporariamente :)","datePublished":"2022-02-18T23:56:55+00:00","dateModified":"2022-02-18T23:58:04+00:00","mainEntityOfPage":{"@id":"https:\/\/umcarinhasorrindo.com.br\/blog\/2022\/02\/de-cabeca-pra-baixo\/"},"wordCount":144,"commentCount":0,"publisher":{"@id":"https:\/\/umcarinhasorrindo.com.br\/blog\/#organization"},"image":{"@id":"https:\/\/umcarinhasorrindo.com.br\/blog\/2022\/02\/de-cabeca-pra-baixo\/#primaryimage"},"thumbnailUrl":"https:\/\/umcarinhasorrindo.com.br\/blog\/wp-content\/uploads\/2022\/02\/186_De_Cabeca_Pra_Baixo.png","articleSection":["Cart\u00f5es","Mensagens"],"inLanguage":"pt-BR","potentialAction":[{"@type":"CommentAction","name":"Comment","target":["https:\/\/umcarinhasorrindo.com.br\/blog\/2022\/02\/de-cabeca-pra-baixo\/#respond"]}]},{"@type":"WebPage","@id":"https:\/\/umcarinhasorrindo.com.br\/blog\/2022\/02\/de-cabeca-pra-baixo\/","url":"https:\/\/umcarinhasorrindo.com.br\/blog\/2022\/02\/de-cabeca-pra-baixo\/","name":"De cabe\u00e7a pra baixo\u2026 Temporariamente :) &#187; um carinha sorrindo \/ blog","isPartOf":{"@id":"https:\/\/umcarinhasorrindo.com.br\/blog\/#website"},"primaryImageOfPage":{"@id":"https:\/\/umcarinhasorrindo.com.br\/blog\/2022\/02\/de-cabeca-pra-baixo\/#primaryimage"},"image":{"@id":"https:\/\/umcarinhasorrindo.com.br\/blog\/2022\/02\/de-cabeca-pra-baixo\/#primaryimage"},"thumbnailUrl":"https:\/\/umcarinhasorrindo.com.br\/blog\/wp-content\/uploads\/2022\/02\/186_De_Cabeca_Pra_Baixo.png","datePublished":"2022-02-18T23:56:55+00:00","dateModified":"2022-02-18T23:58:04+00:00","description":"Se o mundo est\u00e1 de cabe\u00e7a para baixo, segure firme e vai sentindo \u2764\ufe0f. Com algum tempo ele vai voltar ao normal :)","breadcrumb":{"@id":"https:\/\/umcarinhasorrindo.com.br\/blog\/2022\/02\/de-cabeca-pra-baixo\/#breadcrumb"},"inLanguage":"pt-BR","potentialAction":[{"@type":"ReadAction","target":["https:\/\/umcarinhasorrindo.com.br\/blog\/2022\/02\/de-cabeca-pra-baixo\/"]}]},{"@type":"ImageObject","inLanguage":"pt-BR","@id":"https:\/\/umcarinhasorrindo.com.br\/blog\/2022\/02\/de-cabeca-pra-baixo\/#primaryimage","url":"https:\/\/umcarinhasorrindo.com.br\/blog\/wp-content\/uploads\/2022\/02\/186_De_Cabeca_Pra_Baixo.png","contentUrl":"https:\/\/umcarinhasorrindo.com.br\/blog\/wp-content\/uploads\/2022\/02\/186_De_Cabeca_Pra_Baixo.png","width":945,"height":673},{"@type":"BreadcrumbList","@id":"https:\/\/umcarinhasorrindo.com.br\/blog\/2022\/02\/de-cabeca-pra-baixo\/#breadcrumb","itemListElement":[{"@type":"ListItem","position":1,"name":"In\u00edcio","item":"https:\/\/umcarinhasorrindo.com.br\/blog\/"},{"@type":"ListItem","position":2,"name":"De cabe\u00e7a pra baixo\u2026 Temporariamente :)"}]},{"@type":"WebSite","@id":"https:\/\/umcarinhasorrindo.com.br\/blog\/#website","url":"https:\/\/umcarinhasorrindo.com.br\/blog\/","name":"um carinha sorrindo \/ blog","description":"","publisher":{"@id":"https:\/\/umcarinhasorrindo.com.br\/blog\/#organization"},"potentialAction":[{"@type":"SearchAction","target":{"@type":"EntryPoint","urlTemplate":"https:\/\/umcarinhasorrindo.com.br\/blog\/?s={search_term_string}"},"query-input":{"@type":"PropertyValueSpecification","valueRequired":true,"valueName":"search_term_string"}}],"inLanguage":"pt-BR"},{"@type":"Organization","@id":"https:\/\/umcarinhasorrindo.com.br\/blog\/#organization","name":"um.carinha.sorrindo","url":"https:\/\/umcarinhasorrindo.com.br\/blog\/","logo":{"@type":"ImageObject","inLanguage":"pt-BR","@id":"https:\/\/umcarinhasorrindo.com.br\/blog\/#\/schema\/logo\/image\/","url":"https:\/\/umcarinhasorrindo.com.br\/blog\/wp-content\/uploads\/2021\/03\/D23DF2B2-77BD-446E-97A0-6F9FC05CEC31.png","contentUrl":"https:\/\/umcarinhasorrindo.com.br\/blog\/wp-content\/uploads\/2021\/03\/D23DF2B2-77BD-446E-97A0-6F9FC05CEC31.png","width":626,"height":144,"caption":"um.carinha.sorrindo"},"image":{"@id":"https:\/\/umcarinhasorrindo.com.br\/blog\/#\/schema\/logo\/image\/"},"sameAs":["https:\/\/www.instagram.com\/um.carinha.sorrindo\/"]},{"@type":"Person","@id":"https:\/\/umcarinhasorrindo.com.br\/blog\/#\/schema\/person\/595f014e49c3657f2ae31afb083184f7","name":"GUILHERME PIM","image":{"@type":"ImageObject","inLanguage":"pt-BR","@id":"https:\/\/secure.gravatar.com\/avatar\/862e2572145ef661a1716cd484ad881d24829519265f1e34f473d8c91ddccb78?s=96&d=mm&r=g","url":"https:\/\/secure.gravatar.com\/avatar\/862e2572145ef661a1716cd484ad881d24829519265f1e34f473d8c91ddccb78?s=96&d=mm&r=g","contentUrl":"https:\/\/secure.gravatar.com\/avatar\/862e2572145ef661a1716cd484ad881d24829519265f1e34f473d8c91ddccb78?s=96&d=mm&r=g","caption":"GUILHERME PIM"}}]}},"_links":{"self":[{"href":"https:\/\/umcarinhasorrindo.com.br\/blog\/wp-json\/wp\/v2\/posts\/148","targetHints":{"allow":["GET"]}}],"collection":[{"href":"https:\/\/umcarinhasorrindo.com.br\/blog\/wp-json\/wp\/v2\/posts"}],"about":[{"href":"https:\/\/umcarinhasorrindo.com.br\/blog\/wp-json\/wp\/v2\/types\/post"}],"author":[{"embeddable":true,"href":"https:\/\/umcarinhasorrindo.com.br\/blog\/wp-json\/wp\/v2\/users\/2"}],"replies":[{"embeddable":true,"href":"https:\/\/umcarinhasorrindo.com.br\/blog\/wp-json\/wp\/v2\/comments?post=148"}],"version-history":[{"count":4,"href":"https:\/\/umcarinhasorrindo.com.br\/blog\/wp-json\/wp\/v2\/posts\/148\/revisions"}],"predecessor-version":[{"id":154,"href":"https:\/\/umcarinhasorrindo.com.br\/blog\/wp-json\/wp\/v2\/posts\/148\/revisions\/154"}],"wp:featuredmedia":[{"embeddable":true,"href":"https:\/\/umcarinhasorrindo.com.br\/blog\/wp-json\/wp\/v2\/media\/150"}],"wp:attachment":[{"href":"https:\/\/umcarinhasorrindo.com.br\/blog\/wp-json\/wp\/v2\/media?parent=148"}],"wp:term":[{"taxonomy":"category","embeddable":true,"href":"https:\/\/umcarinhasorrindo.com.br\/blog\/wp-json\/wp\/v2\/categories?post=148"},{"taxonomy":"post_tag","embeddable":true,"href":"https:\/\/umcarinhasorrindo.com.br\/blog\/wp-json\/wp\/v2\/tags?post=148"}],"curies":[{"name":"wp","href":"https:\/\/api.w.org\/{rel}","templated":true}]}}