{"id":65,"date":"2021-03-27T21:12:35","date_gmt":"2021-03-27T21:12:35","guid":{"rendered":"https:\/\/umcarinhasorrindo.com.br\/blog\/?p=65"},"modified":"2021-03-27T21:12:35","modified_gmt":"2021-03-27T21:12:35","slug":"lembrancas-para-superar-dias-dificeis","status":"publish","type":"post","link":"https:\/\/umcarinhasorrindo.com.br\/blog\/2021\/03\/lembrancas-para-superar-dias-dificeis\/","title":{"rendered":"Dias dif\u00edceis &#8211; lembran\u00e7as para super\u00e1-los"},"content":{"rendered":"<p><img loading=\"lazy\" decoding=\"async\" class=\"aligncenter wp-image-66 size-full\" src=\"https:\/\/umcarinhasorrindo.com.br\/blog\/wp-content\/uploads\/2021\/03\/141_Dias_Diferentes.png\" alt=\"Tem dias que s\u00e3o meio diferentes e tudo bem\" width=\"945\" height=\"673\" srcset=\"https:\/\/umcarinhasorrindo.com.br\/blog\/wp-content\/uploads\/2021\/03\/141_Dias_Diferentes.png 945w, https:\/\/umcarinhasorrindo.com.br\/blog\/wp-content\/uploads\/2021\/03\/141_Dias_Diferentes-300x214.png 300w, https:\/\/umcarinhasorrindo.com.br\/blog\/wp-content\/uploads\/2021\/03\/141_Dias_Diferentes-768x547.png 768w\" sizes=\"auto, (max-width: 945px) 100vw, 945px\" \/><\/p>\n<blockquote><p>\u00c9 importante a gente aceitar que todos temos dias dif\u00edceis para passar por eles sem maiores transtornos :] \ud83c\udf43 Siga fazendo as suas coisas \u2764\ufe0f<\/p><\/blockquote>\n<p>Boa tarde!<\/p>\n<p>Sabe aquele dia quando a gente acorda meio perdido ou n\u00e3o entende direito nosso prop\u00f3sito? Aqueles dias que fazem parecer que as coisas que fazemos n\u00e3o tem sentido? \u00c0s vezes esses dias dif\u00edceis \u00a0chegam e trazem um monte de d\u00favidas na cabe\u00e7a da gente.<\/p>\n<p>Esse cart\u00e3o \u00e9 sobre esses dias.. uma lembran\u00e7a de que a confus\u00e3o existe para todos n\u00f3s, alguns dias mais e outros menos. O que podemos fazer nesses dias \u00e9 <strong>aceitar que isso faz parte da vida<\/strong>, e <strong>seguir fazendo as coisas que fazemos diariamente,<\/strong> refor\u00e7ando seu valor mesmo no meio da confus\u00e3o.<\/p>\n<h4>Um exemplo<\/h4>\n<p>Por exemplo, eu gosto bastante de estudar japon\u00eas simplesmente porque me interessa, sem nenhuma explica\u00e7\u00e3o, sem nenhuma aplica\u00e7\u00e3o espec\u00edfica. Em alguns momentos aparece na minha cabe\u00e7a a ideia de que preciso ter um prop\u00f3sito para o japon\u00eas, e que apenas aproveitar isso sem ter algum resultado n\u00e3o tem valor. Aparece esse pingo de d\u00favida e confus\u00e3o , que n\u00e3o \u00e9 nada al\u00e9m de um pensamento como qualquer outro. Nesse caso, com o tempo aprendi que prefiro,<b> e posso<\/b>, deixar esse pensamento pra l\u00e1 e seguir aproveitando meus momentos no japon\u00eas. <b>Isso me faz me sentir mais forte, mais completo, por poder escolher uma atividade que simplesmente me faz bem<\/b>. Voc\u00ea tamb\u00e9m tem essa escolha :]<\/p>\n<p>Tem dias em que esse tipo de pensamento \u00e9 mais frequente, e acabam deixando a gente confuso em rela\u00e7\u00e3o \u00e0s coisas que fazemos. Nessa hora <b>\u00e9 muito importante lembrar que isso \u00e9 normal<\/b>, e que <b>podemos escolher deixar as d\u00favidas e a confus\u00e3o de lado <\/b>para que a clareza possa lentamente se estabelecer novamente.<\/p>\n<p>Cada vez que a gente faz isso e alimenta o valor das nossas atividades, parece que reencontramos uma partezinha de n\u00f3s e crescemos. E <b>com o tempo, nos sentimos mais fortes para continuar se estabelecendo em nossas decis\u00f5es<\/b>, e mais resilientes a esses momentos confusos. Eles nunca deixar\u00e3o de existir, mas n\u00e3o tem problema, porque nunca deixaremos de poder escolher :] \u2764\ufe0f<\/p>\n<p>Um beijo e um forte abra\u00e7o! []<\/p>\n","protected":false},"excerpt":{"rendered":"<p>\u00c9 importante a gente aceitar que todos temos dias dif\u00edceis para passar por eles sem maiores transtornos :] \ud83c\udf43 Siga fazendo as suas coisas \u2764\ufe0f Boa tarde! Sabe aquele dia quando a gente acorda meio perdido&#8230;<\/p>\n","protected":false},"author":2,"featured_media":66,"comment_status":"open","ping_status":"open","sticky":false,"template":"","format":"standard","meta":{"_kadence_starter_templates_imported_post":false,"_kad_post_transparent":"default","_kad_post_title":"default","_kad_post_layout":"default","_kad_post_sidebar_id":"","_kad_post_content_style":"default","_kad_post_vertical_padding":"default","_kad_post_feature":"","_kad_post_feature_position":"","_kad_post_header":false,"_kad_post_footer":false,"_kad_post_classname":"","footnotes":""},"categories":[2],"tags":[19,17,10,18,21,20,8],"class_list":["post-65","post","type-post","status-publish","format-standard","has-post-thumbnail","hentry","category-cartoes","tag-atividades","tag-confusao","tag-cotidiano","tag-dificuldade","tag-lembranca","tag-superacao","tag-tarefas"],"yoast_head":"<!-- This site is optimized with the Yoast SEO plugin v28.3 - https:\/\/yoast.com\/product\/yoast-seo-wordpress\/ -->\n<title>Dias dif\u00edceis - lembran\u00e7as para super\u00e1-los &#187; um carinha sorrindo \/ blog<\/title>\n<meta name=\"description\" content=\"Dias dif\u00edceis e confusos s\u00e3o inevit\u00e1veis, mas podemos aprender a lidar com eles de uma forma que n\u00e3o mexam tanto conosco :]\" \/>\n<meta name=\"robots\" content=\"index, follow, max-snippet:-1, max-image-preview:large, max-video-preview:-1\" \/>\n<link rel=\"canonical\" href=\"https:\/\/umcarinhasorrindo.com.br\/blog\/2021\/03\/lembrancas-para-superar-dias-dificeis\/\" \/>\n<meta property=\"og:locale\" content=\"pt_BR\" \/>\n<meta property=\"og:type\" content=\"article\" \/>\n<meta property=\"og:title\" content=\"Dias dif\u00edceis - lembran\u00e7as para super\u00e1-los &#187; um carinha sorrindo \/ blog\" \/>\n<meta property=\"og:description\" content=\"Dias dif\u00edceis e confusos s\u00e3o inevit\u00e1veis, mas podemos aprender a lidar com eles de uma forma que n\u00e3o mexam tanto conosco :]\" \/>\n<meta property=\"og:url\" content=\"https:\/\/umcarinhasorrindo.com.br\/blog\/2021\/03\/lembrancas-para-superar-dias-dificeis\/\" \/>\n<meta property=\"og:site_name\" content=\"um carinha sorrindo \/ blog\" \/>\n<meta property=\"article:published_time\" content=\"2021-03-27T21:12:35+00:00\" \/>\n<meta property=\"og:image\" content=\"https:\/\/umcarinhasorrindo.com.br\/blog\/wp-content\/uploads\/2021\/03\/141_Dias_Diferentes.png\" \/>\n\t<meta property=\"og:image:width\" content=\"945\" \/>\n\t<meta property=\"og:image:height\" content=\"673\" \/>\n\t<meta property=\"og:image:type\" content=\"image\/png\" \/>\n<meta name=\"author\" content=\"GUILHERME PIM\" \/>\n<meta name=\"twitter:card\" content=\"summary_large_image\" \/>\n<meta name=\"twitter:label1\" content=\"Escrito por\" \/>\n\t<meta name=\"twitter:data1\" content=\"GUILHERME PIM\" \/>\n\t<meta name=\"twitter:label2\" content=\"Est. tempo de leitura\" \/>\n\t<meta name=\"twitter:data2\" content=\"2 minutos\" \/>\n<script type=\"application\/ld+json\" class=\"yoast-schema-graph\">{\"@context\":\"https:\\\/\\\/schema.org\",\"@graph\":[{\"@type\":\"Article\",\"@id\":\"https:\\\/\\\/umcarinhasorrindo.com.br\\\/blog\\\/2021\\\/03\\\/lembrancas-para-superar-dias-dificeis\\\/#article\",\"isPartOf\":{\"@id\":\"https:\\\/\\\/umcarinhasorrindo.com.br\\\/blog\\\/2021\\\/03\\\/lembrancas-para-superar-dias-dificeis\\\/\"},\"author\":{\"name\":\"GUILHERME PIM\",\"@id\":\"https:\\\/\\\/umcarinhasorrindo.com.br\\\/blog\\\/#\\\/schema\\\/person\\\/595f014e49c3657f2ae31afb083184f7\"},\"headline\":\"Dias dif\u00edceis &#8211; lembran\u00e7as para super\u00e1-los\",\"datePublished\":\"2021-03-27T21:12:35+00:00\",\"mainEntityOfPage\":{\"@id\":\"https:\\\/\\\/umcarinhasorrindo.com.br\\\/blog\\\/2021\\\/03\\\/lembrancas-para-superar-dias-dificeis\\\/\"},\"wordCount\":392,\"commentCount\":0,\"publisher\":{\"@id\":\"https:\\\/\\\/umcarinhasorrindo.com.br\\\/blog\\\/#organization\"},\"image\":{\"@id\":\"https:\\\/\\\/umcarinhasorrindo.com.br\\\/blog\\\/2021\\\/03\\\/lembrancas-para-superar-dias-dificeis\\\/#primaryimage\"},\"thumbnailUrl\":\"https:\\\/\\\/umcarinhasorrindo.com.br\\\/blog\\\/wp-content\\\/uploads\\\/2021\\\/03\\\/141_Dias_Diferentes.png\",\"keywords\":[\"Atividades\",\"Confus\u00e3o\",\"Cotidiano\",\"Dificuldade\",\"Lembran\u00e7a\",\"Supera\u00e7\u00e3o\",\"Tarefas\"],\"articleSection\":[\"Cart\u00f5es\"],\"inLanguage\":\"pt-BR\",\"potentialAction\":[{\"@type\":\"CommentAction\",\"name\":\"Comment\",\"target\":[\"https:\\\/\\\/umcarinhasorrindo.com.br\\\/blog\\\/2021\\\/03\\\/lembrancas-para-superar-dias-dificeis\\\/#respond\"]}]},{\"@type\":\"WebPage\",\"@id\":\"https:\\\/\\\/umcarinhasorrindo.com.br\\\/blog\\\/2021\\\/03\\\/lembrancas-para-superar-dias-dificeis\\\/\",\"url\":\"https:\\\/\\\/umcarinhasorrindo.com.br\\\/blog\\\/2021\\\/03\\\/lembrancas-para-superar-dias-dificeis\\\/\",\"name\":\"Dias dif\u00edceis - lembran\u00e7as para super\u00e1-los &#187; um carinha sorrindo \\\/ blog\",\"isPartOf\":{\"@id\":\"https:\\\/\\\/umcarinhasorrindo.com.br\\\/blog\\\/#website\"},\"primaryImageOfPage\":{\"@id\":\"https:\\\/\\\/umcarinhasorrindo.com.br\\\/blog\\\/2021\\\/03\\\/lembrancas-para-superar-dias-dificeis\\\/#primaryimage\"},\"image\":{\"@id\":\"https:\\\/\\\/umcarinhasorrindo.com.br\\\/blog\\\/2021\\\/03\\\/lembrancas-para-superar-dias-dificeis\\\/#primaryimage\"},\"thumbnailUrl\":\"https:\\\/\\\/umcarinhasorrindo.com.br\\\/blog\\\/wp-content\\\/uploads\\\/2021\\\/03\\\/141_Dias_Diferentes.png\",\"datePublished\":\"2021-03-27T21:12:35+00:00\",\"description\":\"Dias dif\u00edceis e confusos s\u00e3o inevit\u00e1veis, mas podemos aprender a lidar com eles de uma forma que n\u00e3o mexam tanto conosco :]\",\"breadcrumb\":{\"@id\":\"https:\\\/\\\/umcarinhasorrindo.com.br\\\/blog\\\/2021\\\/03\\\/lembrancas-para-superar-dias-dificeis\\\/#breadcrumb\"},\"inLanguage\":\"pt-BR\",\"potentialAction\":[{\"@type\":\"ReadAction\",\"target\":[\"https:\\\/\\\/umcarinhasorrindo.com.br\\\/blog\\\/2021\\\/03\\\/lembrancas-para-superar-dias-dificeis\\\/\"]}]},{\"@type\":\"ImageObject\",\"inLanguage\":\"pt-BR\",\"@id\":\"https:\\\/\\\/umcarinhasorrindo.com.br\\\/blog\\\/2021\\\/03\\\/lembrancas-para-superar-dias-dificeis\\\/#primaryimage\",\"url\":\"https:\\\/\\\/umcarinhasorrindo.com.br\\\/blog\\\/wp-content\\\/uploads\\\/2021\\\/03\\\/141_Dias_Diferentes.png\",\"contentUrl\":\"https:\\\/\\\/umcarinhasorrindo.com.br\\\/blog\\\/wp-content\\\/uploads\\\/2021\\\/03\\\/141_Dias_Diferentes.png\",\"width\":945,\"height\":673,\"caption\":\"Tem dias que s\u00e3o meio diferentes e tudo bem\"},{\"@type\":\"BreadcrumbList\",\"@id\":\"https:\\\/\\\/umcarinhasorrindo.com.br\\\/blog\\\/2021\\\/03\\\/lembrancas-para-superar-dias-dificeis\\\/#breadcrumb\",\"itemListElement\":[{\"@type\":\"ListItem\",\"position\":1,\"name\":\"In\u00edcio\",\"item\":\"https:\\\/\\\/umcarinhasorrindo.com.br\\\/blog\\\/\"},{\"@type\":\"ListItem\",\"position\":2,\"name\":\"Dias dif\u00edceis &#8211; lembran\u00e7as para super\u00e1-los\"}]},{\"@type\":\"WebSite\",\"@id\":\"https:\\\/\\\/umcarinhasorrindo.com.br\\\/blog\\\/#website\",\"url\":\"https:\\\/\\\/umcarinhasorrindo.com.br\\\/blog\\\/\",\"name\":\"um carinha sorrindo \\\/ blog\",\"description\":\"\",\"publisher\":{\"@id\":\"https:\\\/\\\/umcarinhasorrindo.com.br\\\/blog\\\/#organization\"},\"potentialAction\":[{\"@type\":\"SearchAction\",\"target\":{\"@type\":\"EntryPoint\",\"urlTemplate\":\"https:\\\/\\\/umcarinhasorrindo.com.br\\\/blog\\\/?s={search_term_string}\"},\"query-input\":{\"@type\":\"PropertyValueSpecification\",\"valueRequired\":true,\"valueName\":\"search_term_string\"}}],\"inLanguage\":\"pt-BR\"},{\"@type\":\"Organization\",\"@id\":\"https:\\\/\\\/umcarinhasorrindo.com.br\\\/blog\\\/#organization\",\"name\":\"um.carinha.sorrindo\",\"url\":\"https:\\\/\\\/umcarinhasorrindo.com.br\\\/blog\\\/\",\"logo\":{\"@type\":\"ImageObject\",\"inLanguage\":\"pt-BR\",\"@id\":\"https:\\\/\\\/umcarinhasorrindo.com.br\\\/blog\\\/#\\\/schema\\\/logo\\\/image\\\/\",\"url\":\"https:\\\/\\\/umcarinhasorrindo.com.br\\\/blog\\\/wp-content\\\/uploads\\\/2021\\\/03\\\/D23DF2B2-77BD-446E-97A0-6F9FC05CEC31.png\",\"contentUrl\":\"https:\\\/\\\/umcarinhasorrindo.com.br\\\/blog\\\/wp-content\\\/uploads\\\/2021\\\/03\\\/D23DF2B2-77BD-446E-97A0-6F9FC05CEC31.png\",\"width\":626,\"height\":144,\"caption\":\"um.carinha.sorrindo\"},\"image\":{\"@id\":\"https:\\\/\\\/umcarinhasorrindo.com.br\\\/blog\\\/#\\\/schema\\\/logo\\\/image\\\/\"},\"sameAs\":[\"https:\\\/\\\/www.instagram.com\\\/um.carinha.sorrindo\\\/\"]},{\"@type\":\"Person\",\"@id\":\"https:\\\/\\\/umcarinhasorrindo.com.br\\\/blog\\\/#\\\/schema\\\/person\\\/595f014e49c3657f2ae31afb083184f7\",\"name\":\"GUILHERME PIM\",\"image\":{\"@type\":\"ImageObject\",\"inLanguage\":\"pt-BR\",\"@id\":\"https:\\\/\\\/secure.gravatar.com\\\/avatar\\\/862e2572145ef661a1716cd484ad881d24829519265f1e34f473d8c91ddccb78?s=96&d=mm&r=g\",\"url\":\"https:\\\/\\\/secure.gravatar.com\\\/avatar\\\/862e2572145ef661a1716cd484ad881d24829519265f1e34f473d8c91ddccb78?s=96&d=mm&r=g\",\"contentUrl\":\"https:\\\/\\\/secure.gravatar.com\\\/avatar\\\/862e2572145ef661a1716cd484ad881d24829519265f1e34f473d8c91ddccb78?s=96&d=mm&r=g\",\"caption\":\"GUILHERME PIM\"}}]}<\/script>\n<!-- \/ Yoast SEO plugin. -->","yoast_head_json":{"title":"Dias dif\u00edceis - lembran\u00e7as para super\u00e1-los &#187; um carinha sorrindo \/ blog","description":"Dias dif\u00edceis e confusos s\u00e3o inevit\u00e1veis, mas podemos aprender a lidar com eles de uma forma que n\u00e3o mexam tanto conosco :]","robots":{"index":"index","follow":"follow","max-snippet":"max-snippet:-1","max-image-preview":"max-image-preview:large","max-video-preview":"max-video-preview:-1"},"canonical":"https:\/\/umcarinhasorrindo.com.br\/blog\/2021\/03\/lembrancas-para-superar-dias-dificeis\/","og_locale":"pt_BR","og_type":"article","og_title":"Dias dif\u00edceis - lembran\u00e7as para super\u00e1-los &#187; um carinha sorrindo \/ blog","og_description":"Dias dif\u00edceis e confusos s\u00e3o inevit\u00e1veis, mas podemos aprender a lidar com eles de uma forma que n\u00e3o mexam tanto conosco :]","og_url":"https:\/\/umcarinhasorrindo.com.br\/blog\/2021\/03\/lembrancas-para-superar-dias-dificeis\/","og_site_name":"um carinha sorrindo \/ blog","article_published_time":"2021-03-27T21:12:35+00:00","og_image":[{"width":945,"height":673,"url":"https:\/\/umcarinhasorrindo.com.br\/blog\/wp-content\/uploads\/2021\/03\/141_Dias_Diferentes.png","type":"image\/png"}],"author":"GUILHERME PIM","twitter_card":"summary_large_image","twitter_misc":{"Escrito por":"GUILHERME PIM","Est. tempo de leitura":"2 minutos"},"schema":{"@context":"https:\/\/schema.org","@graph":[{"@type":"Article","@id":"https:\/\/umcarinhasorrindo.com.br\/blog\/2021\/03\/lembrancas-para-superar-dias-dificeis\/#article","isPartOf":{"@id":"https:\/\/umcarinhasorrindo.com.br\/blog\/2021\/03\/lembrancas-para-superar-dias-dificeis\/"},"author":{"name":"GUILHERME PIM","@id":"https:\/\/umcarinhasorrindo.com.br\/blog\/#\/schema\/person\/595f014e49c3657f2ae31afb083184f7"},"headline":"Dias dif\u00edceis &#8211; lembran\u00e7as para super\u00e1-los","datePublished":"2021-03-27T21:12:35+00:00","mainEntityOfPage":{"@id":"https:\/\/umcarinhasorrindo.com.br\/blog\/2021\/03\/lembrancas-para-superar-dias-dificeis\/"},"wordCount":392,"commentCount":0,"publisher":{"@id":"https:\/\/umcarinhasorrindo.com.br\/blog\/#organization"},"image":{"@id":"https:\/\/umcarinhasorrindo.com.br\/blog\/2021\/03\/lembrancas-para-superar-dias-dificeis\/#primaryimage"},"thumbnailUrl":"https:\/\/umcarinhasorrindo.com.br\/blog\/wp-content\/uploads\/2021\/03\/141_Dias_Diferentes.png","keywords":["Atividades","Confus\u00e3o","Cotidiano","Dificuldade","Lembran\u00e7a","Supera\u00e7\u00e3o","Tarefas"],"articleSection":["Cart\u00f5es"],"inLanguage":"pt-BR","potentialAction":[{"@type":"CommentAction","name":"Comment","target":["https:\/\/umcarinhasorrindo.com.br\/blog\/2021\/03\/lembrancas-para-superar-dias-dificeis\/#respond"]}]},{"@type":"WebPage","@id":"https:\/\/umcarinhasorrindo.com.br\/blog\/2021\/03\/lembrancas-para-superar-dias-dificeis\/","url":"https:\/\/umcarinhasorrindo.com.br\/blog\/2021\/03\/lembrancas-para-superar-dias-dificeis\/","name":"Dias dif\u00edceis - lembran\u00e7as para super\u00e1-los &#187; um carinha sorrindo \/ blog","isPartOf":{"@id":"https:\/\/umcarinhasorrindo.com.br\/blog\/#website"},"primaryImageOfPage":{"@id":"https:\/\/umcarinhasorrindo.com.br\/blog\/2021\/03\/lembrancas-para-superar-dias-dificeis\/#primaryimage"},"image":{"@id":"https:\/\/umcarinhasorrindo.com.br\/blog\/2021\/03\/lembrancas-para-superar-dias-dificeis\/#primaryimage"},"thumbnailUrl":"https:\/\/umcarinhasorrindo.com.br\/blog\/wp-content\/uploads\/2021\/03\/141_Dias_Diferentes.png","datePublished":"2021-03-27T21:12:35+00:00","description":"Dias dif\u00edceis e confusos s\u00e3o inevit\u00e1veis, mas podemos aprender a lidar com eles de uma forma que n\u00e3o mexam tanto conosco :]","breadcrumb":{"@id":"https:\/\/umcarinhasorrindo.com.br\/blog\/2021\/03\/lembrancas-para-superar-dias-dificeis\/#breadcrumb"},"inLanguage":"pt-BR","potentialAction":[{"@type":"ReadAction","target":["https:\/\/umcarinhasorrindo.com.br\/blog\/2021\/03\/lembrancas-para-superar-dias-dificeis\/"]}]},{"@type":"ImageObject","inLanguage":"pt-BR","@id":"https:\/\/umcarinhasorrindo.com.br\/blog\/2021\/03\/lembrancas-para-superar-dias-dificeis\/#primaryimage","url":"https:\/\/umcarinhasorrindo.com.br\/blog\/wp-content\/uploads\/2021\/03\/141_Dias_Diferentes.png","contentUrl":"https:\/\/umcarinhasorrindo.com.br\/blog\/wp-content\/uploads\/2021\/03\/141_Dias_Diferentes.png","width":945,"height":673,"caption":"Tem dias que s\u00e3o meio diferentes e tudo bem"},{"@type":"BreadcrumbList","@id":"https:\/\/umcarinhasorrindo.com.br\/blog\/2021\/03\/lembrancas-para-superar-dias-dificeis\/#breadcrumb","itemListElement":[{"@type":"ListItem","position":1,"name":"In\u00edcio","item":"https:\/\/umcarinhasorrindo.com.br\/blog\/"},{"@type":"ListItem","position":2,"name":"Dias dif\u00edceis &#8211; lembran\u00e7as para super\u00e1-los"}]},{"@type":"WebSite","@id":"https:\/\/umcarinhasorrindo.com.br\/blog\/#website","url":"https:\/\/umcarinhasorrindo.com.br\/blog\/","name":"um carinha sorrindo \/ blog","description":"","publisher":{"@id":"https:\/\/umcarinhasorrindo.com.br\/blog\/#organization"},"potentialAction":[{"@type":"SearchAction","target":{"@type":"EntryPoint","urlTemplate":"https:\/\/umcarinhasorrindo.com.br\/blog\/?s={search_term_string}"},"query-input":{"@type":"PropertyValueSpecification","valueRequired":true,"valueName":"search_term_string"}}],"inLanguage":"pt-BR"},{"@type":"Organization","@id":"https:\/\/umcarinhasorrindo.com.br\/blog\/#organization","name":"um.carinha.sorrindo","url":"https:\/\/umcarinhasorrindo.com.br\/blog\/","logo":{"@type":"ImageObject","inLanguage":"pt-BR","@id":"https:\/\/umcarinhasorrindo.com.br\/blog\/#\/schema\/logo\/image\/","url":"https:\/\/umcarinhasorrindo.com.br\/blog\/wp-content\/uploads\/2021\/03\/D23DF2B2-77BD-446E-97A0-6F9FC05CEC31.png","contentUrl":"https:\/\/umcarinhasorrindo.com.br\/blog\/wp-content\/uploads\/2021\/03\/D23DF2B2-77BD-446E-97A0-6F9FC05CEC31.png","width":626,"height":144,"caption":"um.carinha.sorrindo"},"image":{"@id":"https:\/\/umcarinhasorrindo.com.br\/blog\/#\/schema\/logo\/image\/"},"sameAs":["https:\/\/www.instagram.com\/um.carinha.sorrindo\/"]},{"@type":"Person","@id":"https:\/\/umcarinhasorrindo.com.br\/blog\/#\/schema\/person\/595f014e49c3657f2ae31afb083184f7","name":"GUILHERME PIM","image":{"@type":"ImageObject","inLanguage":"pt-BR","@id":"https:\/\/secure.gravatar.com\/avatar\/862e2572145ef661a1716cd484ad881d24829519265f1e34f473d8c91ddccb78?s=96&d=mm&r=g","url":"https:\/\/secure.gravatar.com\/avatar\/862e2572145ef661a1716cd484ad881d24829519265f1e34f473d8c91ddccb78?s=96&d=mm&r=g","contentUrl":"https:\/\/secure.gravatar.com\/avatar\/862e2572145ef661a1716cd484ad881d24829519265f1e34f473d8c91ddccb78?s=96&d=mm&r=g","caption":"GUILHERME PIM"}}]}},"_links":{"self":[{"href":"https:\/\/umcarinhasorrindo.com.br\/blog\/wp-json\/wp\/v2\/posts\/65","targetHints":{"allow":["GET"]}}],"collection":[{"href":"https:\/\/umcarinhasorrindo.com.br\/blog\/wp-json\/wp\/v2\/posts"}],"about":[{"href":"https:\/\/umcarinhasorrindo.com.br\/blog\/wp-json\/wp\/v2\/types\/post"}],"author":[{"embeddable":true,"href":"https:\/\/umcarinhasorrindo.com.br\/blog\/wp-json\/wp\/v2\/users\/2"}],"replies":[{"embeddable":true,"href":"https:\/\/umcarinhasorrindo.com.br\/blog\/wp-json\/wp\/v2\/comments?post=65"}],"version-history":[{"count":6,"href":"https:\/\/umcarinhasorrindo.com.br\/blog\/wp-json\/wp\/v2\/posts\/65\/revisions"}],"predecessor-version":[{"id":75,"href":"https:\/\/umcarinhasorrindo.com.br\/blog\/wp-json\/wp\/v2\/posts\/65\/revisions\/75"}],"wp:featuredmedia":[{"embeddable":true,"href":"https:\/\/umcarinhasorrindo.com.br\/blog\/wp-json\/wp\/v2\/media\/66"}],"wp:attachment":[{"href":"https:\/\/umcarinhasorrindo.com.br\/blog\/wp-json\/wp\/v2\/media?parent=65"}],"wp:term":[{"taxonomy":"category","embeddable":true,"href":"https:\/\/umcarinhasorrindo.com.br\/blog\/wp-json\/wp\/v2\/categories?post=65"},{"taxonomy":"post_tag","embeddable":true,"href":"https:\/\/umcarinhasorrindo.com.br\/blog\/wp-json\/wp\/v2\/tags?post=65"}],"curies":[{"name":"wp","href":"https:\/\/api.w.org\/{rel}","templated":true}]}}